{"id":3328,"date":"2023-08-19T17:21:10","date_gmt":"2023-08-19T15:21:10","guid":{"rendered":"https:\/\/job-connectors.de\/?post_type=jobpost&#038;p=3328"},"modified":"2023-08-19T17:21:10","modified_gmt":"2023-08-19T15:21:10","slug":"pflegedienstleitung-m-w-d","status":"publish","type":"jobpost","link":"https:\/\/job-connectors.de\/sq\/jobs-bewerber\/pflegedienstleitung-m-w-d\/","title":{"rendered":"Shef i Sh\u00ebrbimeve Infermierore (m\/f\/d)"},"content":{"rendered":"<p>Ne, agjencia e rekrutimit JobConnector, po k\u00ebrkojm\u00eb nj\u00eb menaxher sh\u00ebrbimi infermierie me p\u00ebrvoj\u00eb dhe t\u00eb p\u00ebrkushtuar p\u00ebr klientin ton\u00eb n\u00eb Koblenz. Si nj\u00eb agjenci kryesore rekrutimi n\u00eb sektorin e kujdesit sh\u00ebndet\u00ebsor, ne i kushtojm\u00eb shum\u00eb r\u00ebnd\u00ebsi pun\u00ebsimit t\u00eb profesionist\u00ebve t\u00eb kualifikuar p\u00ebr t\u00eb siguruar kujdesin m\u00eb t\u00eb mir\u00eb t\u00eb mundsh\u00ebm p\u00ebr pacientin.<\/p>\n<p><strong>Pozicioni:<\/strong> Menaxhimi i sh\u00ebrbimit infermieror<\/p>\n<p><strong>Vendndodhja:<\/strong> Koblenz<\/p>\n<p><strong>Lloji i pun\u00ebsimit:<\/strong> koh\u00eb e plot\u00eb<\/p>\n<p><strong>Fillimi:<\/strong> Me takim<\/p>\n<p>&nbsp;<\/p>\n<p><strong>Detyrat tuaja:<\/strong><\/p>\n<ul>\n<li>Menaxhimi i ekipit t\u00eb infermieris\u00eb dhe sigurimi i kujdesit ndaj pacientit me cil\u00ebsi t\u00eb lart\u00eb<\/li>\n<li>Planifikimi, organizimi dhe koordinimi i proceseve t\u00eb infermieris\u00eb<\/li>\n<li>Zbatimi dhe zhvillimi i m\u00ebtejsh\u00ebm i koncepteve t\u00eb kujdesit dhe standardeve t\u00eb cil\u00ebsis\u00eb<\/li>\n<li>Menaxhimi i burimeve njer\u00ebzore, duke p\u00ebrfshir\u00eb planifikimin e fuqis\u00eb pun\u00ebtore dhe menaxhimin e punonj\u00ebsve<\/li>\n<li>Personi i kontaktit p\u00ebr t\u00eb af\u00ebrmit, mjek\u00ebt dhe partner\u00ebt e bashk\u00ebpunimit t\u00eb jasht\u00ebm<\/li>\n<\/ul>\n<p><strong>Profili juaj:<\/strong><\/p>\n<ul>\n<li>Trajnim i p\u00ebrfunduar n\u00eb kujdesin infermieror ose geriatrik, idealisht me trajnim t\u00eb m\u00ebtejsh\u00ebm si menaxher i sh\u00ebrbimit infermieror ose nj\u00eb kualifikim t\u00eb krahasuesh\u00ebm<\/li>\n<li>Disa vite p\u00ebrvoj\u00eb profesionale n\u00eb nj\u00eb pozicion drejtues, mund\u00ebsisht si drejtues i sh\u00ebrbimeve t\u00eb infermieris\u00eb<\/li>\n<li>Kompetenc\u00eb profesionale dhe njohuri t\u00eb p\u00ebrdit\u00ebsuara n\u00eb fush\u00ebn e infermieris\u00eb<\/li>\n<li>Aft\u00ebsi udh\u00ebheq\u00ebse, aft\u00ebsi n\u00eb grup dhe aft\u00ebsi t\u00eb forta komunikimi<\/li>\n<li>Ndjeshm\u00ebri dhe empati n\u00eb marr\u00ebdh\u00ebniet me pacient\u00ebt dhe t\u00eb af\u00ebrmit<\/li>\n<li>Aft\u00ebsi organizative dhe nj\u00eb stil pune i strukturuar<\/li>\n<\/ul>\n<p><strong>Ne ofrojm\u00eb:<\/strong><\/p>\n<ul>\n<li>Kompensim dhe p\u00ebrfitime t\u00ebrheq\u00ebse<\/li>\n<li>Pun\u00eb emocionuese dhe e p\u00ebrgjegjshme n\u00eb nj\u00eb kompani t\u00eb mir\u00ebnjohur t\u00eb kujdesit sh\u00ebndet\u00ebsor<\/li>\n<li>Mund\u00ebsi p\u00ebr zhvillim profesional dhe personal<\/li>\n<li>Atmosfer\u00eb e k\u00ebndshme pune dhe ambient kolegjial<\/li>\n<li>Pajisje moderne t\u00eb pajisura dhe mb\u00ebshtetje p\u00ebr trajnime t\u00eb m\u00ebtejshme.<\/li>\n<\/ul>\n<p>A d\u00ebshironi t\u00eb kontribuoni me aft\u00ebsit\u00eb tuaja udh\u00ebheq\u00ebse n\u00eb nj\u00eb mjedis dinamik dhe t\u00eb ndikoni ndjesh\u00ebm n\u00eb cil\u00ebsin\u00eb e kujdesit ndaj pacientit? At\u00ebher\u00eb mezi presim aplikimin tuaj! Ju lutemi t\u00eb na d\u00ebrgoni dokumentet e plota t\u00eb aplikimit, t\u00eb cilat p\u00ebrb\u00ebhen nga nj\u00eb let\u00ebr motivimi, CV, certifikata dhe kualifikime p\u00ebrkat\u00ebse.<\/p>","protected":false},"excerpt":{"rendered":"<p>Wir, die Personalvermittlungsagentur JobConnector, suchen eine erfahrene und engagierte Pflegedienstleitung f\u00fcr unseren Kunden in Koblenz. Als f\u00fchrende Personalvermittlungsagentur im Gesundheitswesen legen wir gro\u00dfen Wert auf die Vermittlung von qualifizierten Fachkr\u00e4ften, um die bestm\u00f6gliche Patientenversorgung sicherzustellen. Position: Pflegedienstleitung Einsatzort: Koblenz Anstellungsart: Vollzeit Beginn: Nach Vereinbarung &nbsp; Ihre Aufgaben: Leitung des Pflegeteams und Sicherstellung einer qualitativ hochwertigen [&hellip;]<\/p>","protected":false},"author":1,"featured_media":0,"menu_order":0,"comment_status":"closed","ping_status":"closed","template":"","jobpost_category":[19],"jobpost_job_type":[21,20],"jobpost_location":[39],"class_list":["post-3328","jobpost","type-jobpost","status-publish","hentry","jobpost_category-medizin","jobpost_job_type-teilzeit","jobpost_job_type-vollzeit","jobpost_location-koblenz"],"yoast_head":"<!-- This site is optimized with the Yoast SEO plugin v20.13 - https:\/\/yoast.com\/wordpress\/plugins\/seo\/ -->\n<title>Pflegedienstleitung (m\/w\/d) - JobConnector<\/title>\n<meta name=\"robots\" content=\"index, follow, max-snippet:-1, max-image-preview:large, max-video-preview:-1\" \/>\n<link rel=\"canonical\" href=\"https:\/\/job-connectors.de\/sq\/jobs-bewerber\/pflegedienstleitung-m-w-d\/\" \/>\n<meta property=\"og:locale\" content=\"sq_AL\" \/>\n<meta property=\"og:type\" content=\"article\" \/>\n<meta property=\"og:title\" content=\"Pflegedienstleitung (m\/w\/d) - JobConnector\" \/>\n<meta property=\"og:description\" content=\"Wir, die Personalvermittlungsagentur JobConnector, suchen eine erfahrene und engagierte Pflegedienstleitung f\u00fcr unseren Kunden in Koblenz. Als f\u00fchrende Personalvermittlungsagentur im Gesundheitswesen legen wir gro\u00dfen Wert auf die Vermittlung von qualifizierten Fachkr\u00e4ften, um die bestm\u00f6gliche Patientenversorgung sicherzustellen. Position: Pflegedienstleitung Einsatzort: Koblenz Anstellungsart: Vollzeit Beginn: Nach Vereinbarung &nbsp; Ihre Aufgaben: Leitung des Pflegeteams und Sicherstellung einer qualitativ hochwertigen [&hellip;]\" \/>\n<meta property=\"og:url\" content=\"https:\/\/job-connectors.de\/sq\/jobs-bewerber\/pflegedienstleitung-m-w-d\/\" \/>\n<meta property=\"og:site_name\" content=\"JobConnector\" \/>\n<meta name=\"twitter:card\" content=\"summary_large_image\" \/>\n<meta name=\"twitter:label1\" content=\"Est. reading time\" \/>\n\t<meta name=\"twitter:data1\" content=\"2 minuta\" \/>\n<script type=\"application\/ld+json\" class=\"yoast-schema-graph\">{\"@context\":\"https:\/\/schema.org\",\"@graph\":[{\"@type\":\"WebPage\",\"@id\":\"https:\/\/job-connectors.de\/jobs-bewerber\/pflegedienstleitung-m-w-d\/\",\"url\":\"https:\/\/job-connectors.de\/jobs-bewerber\/pflegedienstleitung-m-w-d\/\",\"name\":\"Pflegedienstleitung (m\/w\/d) - JobConnector\",\"isPartOf\":{\"@id\":\"https:\/\/job-connectors.de\/#website\"},\"datePublished\":\"2023-08-19T15:21:10+00:00\",\"dateModified\":\"2023-08-19T15:21:10+00:00\",\"breadcrumb\":{\"@id\":\"https:\/\/job-connectors.de\/jobs-bewerber\/pflegedienstleitung-m-w-d\/#breadcrumb\"},\"inLanguage\":\"sq\",\"potentialAction\":[{\"@type\":\"ReadAction\",\"target\":[\"https:\/\/job-connectors.de\/jobs-bewerber\/pflegedienstleitung-m-w-d\/\"]}]},{\"@type\":\"BreadcrumbList\",\"@id\":\"https:\/\/job-connectors.de\/jobs-bewerber\/pflegedienstleitung-m-w-d\/#breadcrumb\",\"itemListElement\":[{\"@type\":\"ListItem\",\"position\":1,\"name\":\"Startseite\",\"item\":\"https:\/\/job-connectors.de\/\"},{\"@type\":\"ListItem\",\"position\":2,\"name\":\"\u0412\u0430\u043a\u0430\u043d\u0441\u0438\u0438\",\"item\":\"https:\/\/job-connectors.de\/ru\/jobs-bewerber\/\"},{\"@type\":\"ListItem\",\"position\":3,\"name\":\"Pflegedienstleitung (m\/w\/d)\"}]},{\"@type\":\"WebSite\",\"@id\":\"https:\/\/job-connectors.de\/#website\",\"url\":\"https:\/\/job-connectors.de\/\",\"name\":\"JobConnector\",\"description\":\"Wir vermitteln, was zusammenpasst.\",\"publisher\":{\"@id\":\"https:\/\/job-connectors.de\/#organization\"},\"potentialAction\":[{\"@type\":\"SearchAction\",\"target\":{\"@type\":\"EntryPoint\",\"urlTemplate\":\"https:\/\/job-connectors.de\/?s={search_term_string}\"},\"query-input\":\"required name=search_term_string\"}],\"inLanguage\":\"sq\"},{\"@type\":\"Organization\",\"@id\":\"https:\/\/job-connectors.de\/#organization\",\"name\":\"JobConnector\",\"url\":\"https:\/\/job-connectors.de\/\",\"logo\":{\"@type\":\"ImageObject\",\"inLanguage\":\"sq\",\"@id\":\"https:\/\/job-connectors.de\/#\/schema\/logo\/image\/\",\"url\":\"https:\/\/job-connectors.de\/wp-content\/uploads\/2022\/08\/cropped-JobConnector_logo.png\",\"contentUrl\":\"https:\/\/job-connectors.de\/wp-content\/uploads\/2022\/08\/cropped-JobConnector_logo.png\",\"width\":400,\"height\":67,\"caption\":\"JobConnector\"},\"image\":{\"@id\":\"https:\/\/job-connectors.de\/#\/schema\/logo\/image\/\"}}]}<\/script>\n<!-- \/ Yoast SEO plugin. -->","yoast_head_json":{"title":"Pflegedienstleitung (m\/w\/d) - JobConnector","robots":{"index":"index","follow":"follow","max-snippet":"max-snippet:-1","max-image-preview":"max-image-preview:large","max-video-preview":"max-video-preview:-1"},"canonical":"https:\/\/job-connectors.de\/sq\/jobs-bewerber\/pflegedienstleitung-m-w-d\/","og_locale":"sq_AL","og_type":"article","og_title":"Pflegedienstleitung (m\/w\/d) - JobConnector","og_description":"Wir, die Personalvermittlungsagentur JobConnector, suchen eine erfahrene und engagierte Pflegedienstleitung f\u00fcr unseren Kunden in Koblenz. Als f\u00fchrende Personalvermittlungsagentur im Gesundheitswesen legen wir gro\u00dfen Wert auf die Vermittlung von qualifizierten Fachkr\u00e4ften, um die bestm\u00f6gliche Patientenversorgung sicherzustellen. Position: Pflegedienstleitung Einsatzort: Koblenz Anstellungsart: Vollzeit Beginn: Nach Vereinbarung &nbsp; Ihre Aufgaben: Leitung des Pflegeteams und Sicherstellung einer qualitativ hochwertigen [&hellip;]","og_url":"https:\/\/job-connectors.de\/sq\/jobs-bewerber\/pflegedienstleitung-m-w-d\/","og_site_name":"JobConnector","twitter_card":"summary_large_image","twitter_misc":{"Est. reading time":"2 minuta"},"schema":{"@context":"https:\/\/schema.org","@graph":[{"@type":"WebPage","@id":"https:\/\/job-connectors.de\/jobs-bewerber\/pflegedienstleitung-m-w-d\/","url":"https:\/\/job-connectors.de\/jobs-bewerber\/pflegedienstleitung-m-w-d\/","name":"Pflegedienstleitung (m\/w\/d) - JobConnector","isPartOf":{"@id":"https:\/\/job-connectors.de\/#website"},"datePublished":"2023-08-19T15:21:10+00:00","dateModified":"2023-08-19T15:21:10+00:00","breadcrumb":{"@id":"https:\/\/job-connectors.de\/jobs-bewerber\/pflegedienstleitung-m-w-d\/#breadcrumb"},"inLanguage":"sq","potentialAction":[{"@type":"ReadAction","target":["https:\/\/job-connectors.de\/jobs-bewerber\/pflegedienstleitung-m-w-d\/"]}]},{"@type":"BreadcrumbList","@id":"https:\/\/job-connectors.de\/jobs-bewerber\/pflegedienstleitung-m-w-d\/#breadcrumb","itemListElement":[{"@type":"ListItem","position":1,"name":"Startseite","item":"https:\/\/job-connectors.de\/"},{"@type":"ListItem","position":2,"name":"\u0412\u0430\u043a\u0430\u043d\u0441\u0438\u0438","item":"https:\/\/job-connectors.de\/ru\/jobs-bewerber\/"},{"@type":"ListItem","position":3,"name":"Pflegedienstleitung (m\/w\/d)"}]},{"@type":"WebSite","@id":"https:\/\/job-connectors.de\/#website","url":"https:\/\/job-connectors.de\/","name":"JobConnector","description":"Wir vermitteln, was zusammenpasst.","publisher":{"@id":"https:\/\/job-connectors.de\/#organization"},"potentialAction":[{"@type":"SearchAction","target":{"@type":"EntryPoint","urlTemplate":"https:\/\/job-connectors.de\/?s={search_term_string}"},"query-input":"required name=search_term_string"}],"inLanguage":"sq"},{"@type":"Organization","@id":"https:\/\/job-connectors.de\/#organization","name":"JobConnector","url":"https:\/\/job-connectors.de\/","logo":{"@type":"ImageObject","inLanguage":"sq","@id":"https:\/\/job-connectors.de\/#\/schema\/logo\/image\/","url":"https:\/\/job-connectors.de\/wp-content\/uploads\/2022\/08\/cropped-JobConnector_logo.png","contentUrl":"https:\/\/job-connectors.de\/wp-content\/uploads\/2022\/08\/cropped-JobConnector_logo.png","width":400,"height":67,"caption":"JobConnector"},"image":{"@id":"https:\/\/job-connectors.de\/#\/schema\/logo\/image\/"}}]}},"_links":{"self":[{"href":"https:\/\/job-connectors.de\/sq\/wp-json\/wp\/v2\/jobpost\/3328","targetHints":{"allow":["GET"]}}],"collection":[{"href":"https:\/\/job-connectors.de\/sq\/wp-json\/wp\/v2\/jobpost"}],"about":[{"href":"https:\/\/job-connectors.de\/sq\/wp-json\/wp\/v2\/types\/jobpost"}],"author":[{"embeddable":true,"href":"https:\/\/job-connectors.de\/sq\/wp-json\/wp\/v2\/users\/1"}],"replies":[{"embeddable":true,"href":"https:\/\/job-connectors.de\/sq\/wp-json\/wp\/v2\/comments?post=3328"}],"wp:attachment":[{"href":"https:\/\/job-connectors.de\/sq\/wp-json\/wp\/v2\/media?parent=3328"}],"wp:term":[{"taxonomy":"jobpost_category","embeddable":true,"href":"https:\/\/job-connectors.de\/sq\/wp-json\/wp\/v2\/jobpost_category?post=3328"},{"taxonomy":"jobpost_job_type","embeddable":true,"href":"https:\/\/job-connectors.de\/sq\/wp-json\/wp\/v2\/jobpost_job_type?post=3328"},{"taxonomy":"jobpost_location","embeddable":true,"href":"https:\/\/job-connectors.de\/sq\/wp-json\/wp\/v2\/jobpost_location?post=3328"}],"curies":[{"name":"wp","href":"https:\/\/api.w.org\/{rel}","templated":true}]}}