{"id":589,"date":"2022-09-12T15:26:58","date_gmt":"2022-09-12T13:26:58","guid":{"rendered":"https:\/\/job-connectors.de\/?p=589"},"modified":"2023-08-25T14:30:06","modified_gmt":"2023-08-25T12:30:06","slug":"social-media-kampagnen","status":"publish","type":"post","link":"https:\/\/job-connectors.de\/sq\/2022\/09\/12\/social-media-kampagnen\/","title":{"rendered":"Rekrutimi n\u00eb mediat sociale"},"content":{"rendered":"<p>T\u00eb kesh llogarit\u00eb e tua t\u00eb mediave sociale \u00ebsht\u00eb nj\u00eb zgjedhje e mir\u00eb jo vet\u00ebm p\u00ebr rekrutimin, por edhe p\u00ebr publikimin e videove dhe detajeve t\u00eb reja nga kompania juaj. N\u00eb k\u00ebt\u00eb pik\u00eb ne zhvillojm\u00eb fushata t\u00eb personalizuara t\u00eb mediave sociale dhe sigurojm\u00eb rritje afatgjat\u00eb.<\/p>","protected":false},"excerpt":{"rendered":"<p>T\u00eb kesh llogarit\u00eb e tua t\u00eb mediave sociale \u00ebsht\u00eb nj\u00eb zgjedhje e mir\u00eb jo vet\u00ebm p\u00ebr rekrutimin, por edhe p\u00ebr publikimin e videove dhe detajeve t\u00eb reja nga kompania juaj. N\u00eb k\u00ebt\u00eb pik\u00eb ne zhvillojm\u00eb fushata t\u00eb personalizuara t\u00eb mediave sociale dhe sigurojm\u00eb rritje afatgjat\u00eb.<\/p>","protected":false},"author":1,"featured_media":2557,"comment_status":"closed","ping_status":"open","sticky":false,"template":"","format":"standard","meta":{"footnotes":""},"categories":[25],"tags":[],"class_list":["post-589","post","type-post","status-publish","format-standard","has-post-thumbnail","hentry","category-media-search"],"yoast_head":"<!-- This site is optimized with the Yoast SEO plugin v20.13 - https:\/\/yoast.com\/wordpress\/plugins\/seo\/ -->\n<title>Social Media Recruiting - JobConnector<\/title>\n<meta name=\"robots\" content=\"index, follow, max-snippet:-1, max-image-preview:large, max-video-preview:-1\" \/>\n<link rel=\"canonical\" href=\"https:\/\/job-connectors.de\/sq\/2022\/09\/12\/social-media-kampagnen\/\" \/>\n<meta property=\"og:locale\" content=\"sq_AL\" \/>\n<meta property=\"og:type\" content=\"article\" \/>\n<meta property=\"og:title\" content=\"Social Media Recruiting - JobConnector\" \/>\n<meta property=\"og:description\" content=\"Nicht nur speziell im Recruiting, sondern auch zur Ver\u00f6ffentlichung neuer Videos und Details aus Ihrem Unternehmen sind die eigenen Social Media Accounts eine gute Wahl. An dieser Stelle erarbeiten wir passgenaue Social Media Kampagnen und sorgen f\u00fcr ein langfristiges Wachstum.\" \/>\n<meta property=\"og:url\" content=\"https:\/\/job-connectors.de\/sq\/2022\/09\/12\/social-media-kampagnen\/\" \/>\n<meta property=\"og:site_name\" content=\"JobConnector\" \/>\n<meta property=\"article:published_time\" content=\"2022-09-12T13:26:58+00:00\" \/>\n<meta property=\"article:modified_time\" content=\"2023-08-25T12:30:06+00:00\" \/>\n<meta property=\"og:image\" content=\"https:\/\/job-connectors.de\/wp-content\/uploads\/2022\/09\/Jobvermittlung-Media-search-3.jpg\" \/>\n\t<meta property=\"og:image:width\" content=\"1024\" \/>\n\t<meta property=\"og:image:height\" content=\"1012\" \/>\n\t<meta property=\"og:image:type\" content=\"image\/jpeg\" \/>\n<meta name=\"author\" content=\"admindare\" \/>\n<meta name=\"twitter:card\" content=\"summary_large_image\" \/>\n<meta name=\"twitter:label1\" content=\"Written by\" \/>\n\t<meta name=\"twitter:data1\" content=\"admindare\" \/>\n<script type=\"application\/ld+json\" class=\"yoast-schema-graph\">{\"@context\":\"https:\/\/schema.org\",\"@graph\":[{\"@type\":\"Article\",\"@id\":\"https:\/\/job-connectors.de\/2022\/09\/12\/social-media-kampagnen\/#article\",\"isPartOf\":{\"@id\":\"https:\/\/job-connectors.de\/2022\/09\/12\/social-media-kampagnen\/\"},\"author\":{\"name\":\"admindare\",\"@id\":\"https:\/\/job-connectors.de\/#\/schema\/person\/062ea69525b47719b8e76a23a9f10335\"},\"headline\":\"Social Media Recruiting\",\"datePublished\":\"2022-09-12T13:26:58+00:00\",\"dateModified\":\"2023-08-25T12:30:06+00:00\",\"mainEntityOfPage\":{\"@id\":\"https:\/\/job-connectors.de\/2022\/09\/12\/social-media-kampagnen\/\"},\"wordCount\":45,\"publisher\":{\"@id\":\"https:\/\/job-connectors.de\/#organization\"},\"articleSection\":[\"Media Search\"],\"inLanguage\":\"sq\"},{\"@type\":\"WebPage\",\"@id\":\"https:\/\/job-connectors.de\/2022\/09\/12\/social-media-kampagnen\/\",\"url\":\"https:\/\/job-connectors.de\/2022\/09\/12\/social-media-kampagnen\/\",\"name\":\"Social Media Recruiting - JobConnector\",\"isPartOf\":{\"@id\":\"https:\/\/job-connectors.de\/#website\"},\"datePublished\":\"2022-09-12T13:26:58+00:00\",\"dateModified\":\"2023-08-25T12:30:06+00:00\",\"breadcrumb\":{\"@id\":\"https:\/\/job-connectors.de\/2022\/09\/12\/social-media-kampagnen\/#breadcrumb\"},\"inLanguage\":\"sq\",\"potentialAction\":[{\"@type\":\"ReadAction\",\"target\":[\"https:\/\/job-connectors.de\/2022\/09\/12\/social-media-kampagnen\/\"]}]},{\"@type\":\"BreadcrumbList\",\"@id\":\"https:\/\/job-connectors.de\/2022\/09\/12\/social-media-kampagnen\/#breadcrumb\",\"itemListElement\":[{\"@type\":\"ListItem\",\"position\":1,\"name\":\"Startseite\",\"item\":\"https:\/\/job-connectors.de\/\"},{\"@type\":\"ListItem\",\"position\":2,\"name\":\"Social Media Recruiting\"}]},{\"@type\":\"WebSite\",\"@id\":\"https:\/\/job-connectors.de\/#website\",\"url\":\"https:\/\/job-connectors.de\/\",\"name\":\"JobConnector\",\"description\":\"Wir vermitteln, was zusammenpasst.\",\"publisher\":{\"@id\":\"https:\/\/job-connectors.de\/#organization\"},\"potentialAction\":[{\"@type\":\"SearchAction\",\"target\":{\"@type\":\"EntryPoint\",\"urlTemplate\":\"https:\/\/job-connectors.de\/?s={search_term_string}\"},\"query-input\":\"required name=search_term_string\"}],\"inLanguage\":\"sq\"},{\"@type\":\"Organization\",\"@id\":\"https:\/\/job-connectors.de\/#organization\",\"name\":\"JobConnector\",\"url\":\"https:\/\/job-connectors.de\/\",\"logo\":{\"@type\":\"ImageObject\",\"inLanguage\":\"sq\",\"@id\":\"https:\/\/job-connectors.de\/#\/schema\/logo\/image\/\",\"url\":\"https:\/\/job-connectors.de\/wp-content\/uploads\/2022\/08\/cropped-JobConnector_logo.png\",\"contentUrl\":\"https:\/\/job-connectors.de\/wp-content\/uploads\/2022\/08\/cropped-JobConnector_logo.png\",\"width\":400,\"height\":67,\"caption\":\"JobConnector\"},\"image\":{\"@id\":\"https:\/\/job-connectors.de\/#\/schema\/logo\/image\/\"}},{\"@type\":\"Person\",\"@id\":\"https:\/\/job-connectors.de\/#\/schema\/person\/062ea69525b47719b8e76a23a9f10335\",\"name\":\"admindare\",\"image\":{\"@type\":\"ImageObject\",\"inLanguage\":\"sq\",\"@id\":\"https:\/\/job-connectors.de\/#\/schema\/person\/image\/\",\"url\":\"https:\/\/secure.gravatar.com\/avatar\/e6161ec09f40b0db304fcec8a56bb5c9af4e70861f199345f61b05038945efeb?s=96&d=mm&r=g\",\"contentUrl\":\"https:\/\/secure.gravatar.com\/avatar\/e6161ec09f40b0db304fcec8a56bb5c9af4e70861f199345f61b05038945efeb?s=96&d=mm&r=g\",\"caption\":\"admindare\"},\"sameAs\":[\"http:\/\/job-connectors.de\"],\"url\":\"https:\/\/job-connectors.de\/sq\/author\/admindare\/\"}]}<\/script>\n<!-- \/ Yoast SEO plugin. -->","yoast_head_json":{"title":"Social Media Recruiting - JobConnector","robots":{"index":"index","follow":"follow","max-snippet":"max-snippet:-1","max-image-preview":"max-image-preview:large","max-video-preview":"max-video-preview:-1"},"canonical":"https:\/\/job-connectors.de\/sq\/2022\/09\/12\/social-media-kampagnen\/","og_locale":"sq_AL","og_type":"article","og_title":"Social Media Recruiting - JobConnector","og_description":"Nicht nur speziell im Recruiting, sondern auch zur Ver\u00f6ffentlichung neuer Videos und Details aus Ihrem Unternehmen sind die eigenen Social Media Accounts eine gute Wahl. An dieser Stelle erarbeiten wir passgenaue Social Media Kampagnen und sorgen f\u00fcr ein langfristiges Wachstum.","og_url":"https:\/\/job-connectors.de\/sq\/2022\/09\/12\/social-media-kampagnen\/","og_site_name":"JobConnector","article_published_time":"2022-09-12T13:26:58+00:00","article_modified_time":"2023-08-25T12:30:06+00:00","og_image":[{"width":1024,"height":1012,"url":"https:\/\/job-connectors.de\/wp-content\/uploads\/2022\/09\/Jobvermittlung-Media-search-3.jpg","type":"image\/jpeg"}],"author":"admindare","twitter_card":"summary_large_image","twitter_misc":{"Written by":"admindare"},"schema":{"@context":"https:\/\/schema.org","@graph":[{"@type":"Article","@id":"https:\/\/job-connectors.de\/2022\/09\/12\/social-media-kampagnen\/#article","isPartOf":{"@id":"https:\/\/job-connectors.de\/2022\/09\/12\/social-media-kampagnen\/"},"author":{"name":"admindare","@id":"https:\/\/job-connectors.de\/#\/schema\/person\/062ea69525b47719b8e76a23a9f10335"},"headline":"Social Media Recruiting","datePublished":"2022-09-12T13:26:58+00:00","dateModified":"2023-08-25T12:30:06+00:00","mainEntityOfPage":{"@id":"https:\/\/job-connectors.de\/2022\/09\/12\/social-media-kampagnen\/"},"wordCount":45,"publisher":{"@id":"https:\/\/job-connectors.de\/#organization"},"articleSection":["Media Search"],"inLanguage":"sq"},{"@type":"WebPage","@id":"https:\/\/job-connectors.de\/2022\/09\/12\/social-media-kampagnen\/","url":"https:\/\/job-connectors.de\/2022\/09\/12\/social-media-kampagnen\/","name":"Social Media Recruiting - JobConnector","isPartOf":{"@id":"https:\/\/job-connectors.de\/#website"},"datePublished":"2022-09-12T13:26:58+00:00","dateModified":"2023-08-25T12:30:06+00:00","breadcrumb":{"@id":"https:\/\/job-connectors.de\/2022\/09\/12\/social-media-kampagnen\/#breadcrumb"},"inLanguage":"sq","potentialAction":[{"@type":"ReadAction","target":["https:\/\/job-connectors.de\/2022\/09\/12\/social-media-kampagnen\/"]}]},{"@type":"BreadcrumbList","@id":"https:\/\/job-connectors.de\/2022\/09\/12\/social-media-kampagnen\/#breadcrumb","itemListElement":[{"@type":"ListItem","position":1,"name":"Startseite","item":"https:\/\/job-connectors.de\/"},{"@type":"ListItem","position":2,"name":"Social Media Recruiting"}]},{"@type":"WebSite","@id":"https:\/\/job-connectors.de\/#website","url":"https:\/\/job-connectors.de\/","name":"JobConnector","description":"Wir vermitteln, was zusammenpasst.","publisher":{"@id":"https:\/\/job-connectors.de\/#organization"},"potentialAction":[{"@type":"SearchAction","target":{"@type":"EntryPoint","urlTemplate":"https:\/\/job-connectors.de\/?s={search_term_string}"},"query-input":"required name=search_term_string"}],"inLanguage":"sq"},{"@type":"Organization","@id":"https:\/\/job-connectors.de\/#organization","name":"JobConnector","url":"https:\/\/job-connectors.de\/","logo":{"@type":"ImageObject","inLanguage":"sq","@id":"https:\/\/job-connectors.de\/#\/schema\/logo\/image\/","url":"https:\/\/job-connectors.de\/wp-content\/uploads\/2022\/08\/cropped-JobConnector_logo.png","contentUrl":"https:\/\/job-connectors.de\/wp-content\/uploads\/2022\/08\/cropped-JobConnector_logo.png","width":400,"height":67,"caption":"JobConnector"},"image":{"@id":"https:\/\/job-connectors.de\/#\/schema\/logo\/image\/"}},{"@type":"Person","@id":"https:\/\/job-connectors.de\/#\/schema\/person\/062ea69525b47719b8e76a23a9f10335","name":"admindare","image":{"@type":"ImageObject","inLanguage":"sq","@id":"https:\/\/job-connectors.de\/#\/schema\/person\/image\/","url":"https:\/\/secure.gravatar.com\/avatar\/e6161ec09f40b0db304fcec8a56bb5c9af4e70861f199345f61b05038945efeb?s=96&d=mm&r=g","contentUrl":"https:\/\/secure.gravatar.com\/avatar\/e6161ec09f40b0db304fcec8a56bb5c9af4e70861f199345f61b05038945efeb?s=96&d=mm&r=g","caption":"admindare"},"sameAs":["http:\/\/job-connectors.de"],"url":"https:\/\/job-connectors.de\/sq\/author\/admindare\/"}]}},"_links":{"self":[{"href":"https:\/\/job-connectors.de\/sq\/wp-json\/wp\/v2\/posts\/589","targetHints":{"allow":["GET"]}}],"collection":[{"href":"https:\/\/job-connectors.de\/sq\/wp-json\/wp\/v2\/posts"}],"about":[{"href":"https:\/\/job-connectors.de\/sq\/wp-json\/wp\/v2\/types\/post"}],"author":[{"embeddable":true,"href":"https:\/\/job-connectors.de\/sq\/wp-json\/wp\/v2\/users\/1"}],"replies":[{"embeddable":true,"href":"https:\/\/job-connectors.de\/sq\/wp-json\/wp\/v2\/comments?post=589"}],"version-history":[{"count":2,"href":"https:\/\/job-connectors.de\/sq\/wp-json\/wp\/v2\/posts\/589\/revisions"}],"predecessor-version":[{"id":594,"href":"https:\/\/job-connectors.de\/sq\/wp-json\/wp\/v2\/posts\/589\/revisions\/594"}],"wp:featuredmedia":[{"embeddable":true,"href":"https:\/\/job-connectors.de\/sq\/wp-json\/wp\/v2\/media\/2557"}],"wp:attachment":[{"href":"https:\/\/job-connectors.de\/sq\/wp-json\/wp\/v2\/media?parent=589"}],"wp:term":[{"taxonomy":"category","embeddable":true,"href":"https:\/\/job-connectors.de\/sq\/wp-json\/wp\/v2\/categories?post=589"},{"taxonomy":"post_tag","embeddable":true,"href":"https:\/\/job-connectors.de\/sq\/wp-json\/wp\/v2\/tags?post=589"}],"curies":[{"name":"wp","href":"https:\/\/api.w.org\/{rel}","templated":true}]}}